{"id":913,"date":"2016-03-10T15:35:46","date_gmt":"2016-03-10T13:35:46","guid":{"rendered":"https:\/\/www.intercorpgrp.com\/blog\/?p=913\/"},"modified":"2022-10-25T12:13:44","modified_gmt":"2022-10-25T10:13:44","slug":"6-razones-por-las-cuales-ibiza-es-el-mejor-destino-familiar","status":"publish","type":"post","link":"https:\/\/www.intercorpgrp.com\/blog\/6-razones-por-las-cuales-ibiza-es-el-mejor-destino-familiar\/","title":{"rendered":"6 razones por las cuales Ibiza es el mejor destino familiar"},"content":{"rendered":"<p>Si como yo, ya est\u00e1is pensando en vuestras vacaciones de verano 2016 y a\u00fan no os hab\u00e9is decidido sobre vuestro destino, os voy a dar algunos argumentos que me han convencido para elegir Ibiza en mis vacaciones en familia<strong>.<\/strong><\/p>\n<p>Ibiza nunca me hab\u00eda llamado la atenci\u00f3n. Siempre la hab\u00eda asociado como \u201cdestino de fiesta\u201d, un lugar para los j\u00f3venes que quieren disfrutar de las noches concurridas. Pero unos amigos enamorados de la isla siempre me dec\u00edan que era mucho m\u00e1s de lo que sal\u00eda en los medios, por lo que decidimos dar el paso, \u00a1y desde entonces somos una familia m\u00e1s enamorada de Ibiza!<\/p>\n<p>Ahora me toca convenceros a vosotros. Porque esta isla maravillosa, s\u00ed que vale la pena.<\/p>\n<p><span style=\"text-decoration: underline; color: #0000ff;\">Mejor destino tur\u00edstico familiar<\/span><br \/>\nIbiza ha sido reconocida \u00ab<a href=\"http:\/\/www.diariodeibiza.es\/pitiuses-balears\/2015\/10\/07\/ibiza-premiada-mejor-destino-turistico\/797924.html\" target=\"_blank\" rel=\"noopener noreferrer\">Mejor Destino Tur\u00edstico Familiar<\/a>\u00bb de 2015 por la revista inglesa Family Traveller. La han premiado por sus playas y aguas tranquilas, restaurantes espectaculares y herencia cultural, lo que la convierte en una \u201cfant\u00e1stica opci\u00f3n para unas vacaciones familiares\u201d. Ser\u00e1 por algo, \u00bfno pens\u00e1is?<\/p>\n<p><span style=\"text-decoration: underline; color: #0000ff;\">210 kil\u00f3metros de costa<img loading=\"lazy\" class=\"size-medium wp-image-261 alignright\" src=\"https:\/\/www.intercorpgrp.com\/blog\/wp-content\/uploads\/2015\/09\/cala_san_vicente-300x200.jpg\" alt=\"Cala San Vicente\" width=\"300\" height=\"200\" \/><\/span><br \/>\nLa isla es peque\u00f1a, pero tiene m\u00e1s de 60 playas -o calas- de arena, cada una m\u00e1s preciosa que la otra. Adem\u00e1s, las aguas de Ibiza siempre son tranquilas, por lo que pod\u00e9is dejar a sus ni\u00f1os jugando en el agua en toda tranquilidad.<\/p>\n<p><span style=\"text-decoration: underline; color: #0000ff;\">Fiesta<strong>&#8230;<\/strong><\/span><br \/>\nEst\u00e1 claro que Ibiza es sin\u00f3nimo de fiesta, pero \u00e9stas suelen concentrarse en algunas zonas. Playa Den Bossa es claramente el lugar donde ir para salir de noche, como lo es el \u00abWest End\u00bb de San Antonio. Sin embargo, el resto de las discotecas est\u00e1n fuera de las zonas residenciales; por lo que si no os gusta, es muy f\u00e1cil quedaros fuera del tumulto.<\/p>\n<p><span style=\"text-decoration: underline; color: #0000ff;\">Pero tambi\u00e9n atracciones culturales<\/span><br \/>\nDalt Vila, descubrir la ciudad antigua de Ibiza con sus 60 000 metros cuadrados llenos de misterio e historia es una experiencia \u00fanica. Adem\u00e1s, la isla rebosa de iglesias fortificadas, de museos y monumentos hist\u00f3ricos, y tambi\u00e9n de parques naturales; unas excursiones muy divertidas para hacer con toda la familia.<\/p>\n<p><span style=\"text-decoration: underline; color: #0000ff;\">Gastronom\u00eda ibicenca<\/span><br \/>\nIbiza tiene muchos platos t\u00edpicos tradicionales que vienen de los antiguos payeses, adem\u00e1s de mucho pescado y marisco fresco. Un consejo: tened en cuenta que en Espa\u00f1a se come m\u00e1s tarde que en el resto de Europa. As\u00ed, las cocinas de los restaurantes y bares no suelen abrir antes de las 8 o 8.30 de la noche.<\/p>\n<p><span style=\"text-decoration: underline; color: #0000ff;\"><strong><img loading=\"lazy\" class=\"alignleft wp-image-260 size-medium\" src=\"https:\/\/www.intercorpgrp.com\/blog\/wp-content\/uploads\/2015\/09\/cala-dhort1-300x198.jpg\" alt=\"Cala d'Hort\" width=\"300\" height=\"198\" \/><\/strong>Es Vedr\u00e1 y paisajes inigualables<\/span><br \/>\nUna visita a Ibiza sin pasar por el mirador del m\u00e1gico islote de Es Vedr\u00e1 es impensable. Los paisajes rurales en el interior de la isla tambi\u00e9n son excepcionales, tanto para admirar como para hacer caminatas con ni\u00f1os, y muchos turistas los desperdician.<\/p>\n<p>\u00bfCu\u00e1ndo reserv\u00e1is? \ud83d\ude09<\/p>\n","protected":false},"excerpt":{"rendered":"<p>Si como yo, ya est\u00e1is pensando en vuestras vacaciones de verano 2016 y a\u00fan no os hab\u00e9is decidido sobre vuestro&#8230;<\/p>\n","protected":false},"author":3,"featured_media":0,"comment_status":"open","ping_status":"open","sticky":false,"template":"","format":"standard","meta":[],"categories":[78,88],"tags":[],"_links":{"self":[{"href":"https:\/\/www.intercorpgrp.com\/blog\/wp-json\/wp\/v2\/posts\/913"}],"collection":[{"href":"https:\/\/www.intercorpgrp.com\/blog\/wp-json\/wp\/v2\/posts"}],"about":[{"href":"https:\/\/www.intercorpgrp.com\/blog\/wp-json\/wp\/v2\/types\/post"}],"author":[{"embeddable":true,"href":"https:\/\/www.intercorpgrp.com\/blog\/wp-json\/wp\/v2\/users\/3"}],"replies":[{"embeddable":true,"href":"https:\/\/www.intercorpgrp.com\/blog\/wp-json\/wp\/v2\/comments?post=913"}],"version-history":[{"count":1,"href":"https:\/\/www.intercorpgrp.com\/blog\/wp-json\/wp\/v2\/posts\/913\/revisions"}],"predecessor-version":[{"id":914,"href":"https:\/\/www.intercorpgrp.com\/blog\/wp-json\/wp\/v2\/posts\/913\/revisions\/914"}],"wp:attachment":[{"href":"https:\/\/www.intercorpgrp.com\/blog\/wp-json\/wp\/v2\/media?parent=913"}],"wp:term":[{"taxonomy":"category","embeddable":true,"href":"https:\/\/www.intercorpgrp.com\/blog\/wp-json\/wp\/v2\/categories?post=913"},{"taxonomy":"post_tag","embeddable":true,"href":"https:\/\/www.intercorpgrp.com\/blog\/wp-json\/wp\/v2\/tags?post=913"}],"curies":[{"name":"wp","href":"https:\/\/api.w.org\/{rel}","templated":true}]}}